{"id":649,"date":"2019-05-20T17:38:26","date_gmt":"2019-05-20T15:38:26","guid":{"rendered":"https:\/\/zem.utcluj.ro\/2019\/?p=649"},"modified":"2019-05-20T17:38:57","modified_gmt":"2019-05-20T15:38:57","slug":"persoane-de-contact-pentru-studentii-participanti-la-zem-2019","status":"publish","type":"post","link":"https:\/\/zem.utcluj.ro\/2019\/persoane-de-contact-pentru-studentii-participanti-la-zem-2019\/","title":{"rendered":"Persoane de contact pentru studen\u021bii participan\u021bi la ZEM 2019"},"content":{"rendered":"\n<p>Pentru a ajuta studen\u021bii participan\u021bi \u00een vederea \u00eendrum\u0103rii, orient\u0103rii \u0219i acomod\u0103rii, venim \u00een sprijinul acestora prin intermediul unor studen\u021bi din anul III \u0219i IV de la specializarea de Mecatronic\u0103 a Universit\u0103\u021bii Tehnice din Cluj-Napoca, ce au datele de contact disponibile <strong><a href=\"\/informatii-participanti\/studenti\/\">aici<\/a><\/strong>.<\/p>\n\n\n\n<p>Pentru orice \u00eentreb\u0103ri, sugestii sau recomand\u0103ri pute\u021bi accesa \u0219i <strong><a href=\"https:\/\/zem.utcluj.ro\/2019\/contact\/\">sec\u021biunea Contact<\/a><\/strong>\u00a0trimi\u021b\u0103ndu-ne un mesaj\u2026 <\/p>\n","protected":false},"excerpt":{"rendered":"<p>Pentru a ajuta studen\u021bii participan\u021bi \u00een vederea \u00eendrum\u0103rii, orient\u0103rii \u0219i acomod\u0103rii, venim \u00een sprijinul acestora prin intermediul unor studen\u021bi din anul III \u0219i IV de la specializarea de Mecatronic\u0103 a Universit\u0103\u021bii Tehnice din Cluj-Napoca, ce au datele de contact disponibile aici. Pentru orice \u00eentreb\u0103ri, sugestii sau recomand\u0103ri pute\u021bi accesa \u0219i sec\u021biunea Contact\u00a0trimi\u021b\u0103ndu-ne un mesaj\u2026<\/p>\n","protected":false},"author":1,"featured_media":0,"comment_status":"open","ping_status":"open","sticky":false,"template":"","format":"standard","meta":{"footnotes":""},"categories":[9,7],"tags":[26,28,25,18],"class_list":["post-649","post","type-post","status-publish","format-standard","hentry","category-anunt","category-noutati","tag-contact","tag-mecatronica","tag-persoane-de-contact","tag-studenti"],"yoast_head":"<!-- This site is optimized with the Yoast SEO plugin v23.9 - https:\/\/yoast.com\/wordpress\/plugins\/seo\/ -->\n<title>Persoane de contact pentru studen\u021bii participan\u021bi la ZEM 2019 - ZEM 2019 - Zilele Educatiei Mecatronice 2019<\/title>\n<meta name=\"robots\" content=\"index, follow, max-snippet:-1, max-image-preview:large, max-video-preview:-1\" \/>\n<link rel=\"canonical\" href=\"https:\/\/zem.utcluj.ro\/2019\/persoane-de-contact-pentru-studentii-participanti-la-zem-2019\/\" \/>\n<meta property=\"og:locale\" content=\"en_US\" \/>\n<meta property=\"og:type\" content=\"article\" \/>\n<meta property=\"og:title\" content=\"Persoane de contact pentru studen\u021bii participan\u021bi la ZEM 2019 - ZEM 2019 - Zilele Educatiei Mecatronice 2019\" \/>\n<meta property=\"og:description\" content=\"Pentru a ajuta studen\u021bii participan\u021bi \u00een vederea \u00eendrum\u0103rii, orient\u0103rii \u0219i acomod\u0103rii, venim \u00een sprijinul acestora prin intermediul unor studen\u021bi din anul III \u0219i IV de la specializarea de Mecatronic\u0103 a Universit\u0103\u021bii Tehnice din Cluj-Napoca, ce au datele de contact disponibile aici. Pentru orice \u00eentreb\u0103ri, sugestii sau recomand\u0103ri pute\u021bi accesa \u0219i sec\u021biunea Contact\u00a0trimi\u021b\u0103ndu-ne un mesaj\u2026\" \/>\n<meta property=\"og:url\" content=\"https:\/\/zem.utcluj.ro\/2019\/persoane-de-contact-pentru-studentii-participanti-la-zem-2019\/\" \/>\n<meta property=\"og:site_name\" content=\"ZEM 2019 - Zilele Educatiei Mecatronice 2019\" \/>\n<meta property=\"article:published_time\" content=\"2019-05-20T15:38:26+00:00\" \/>\n<meta property=\"article:modified_time\" content=\"2019-05-20T15:38:57+00:00\" \/>\n<meta name=\"author\" content=\"Sorin\" \/>\n<meta name=\"twitter:card\" content=\"summary_large_image\" \/>\n<meta name=\"twitter:label1\" content=\"Written by\" \/>\n\t<meta name=\"twitter:data1\" content=\"Sorin\" \/>\n<script type=\"application\/ld+json\" class=\"yoast-schema-graph\">{\"@context\":\"https:\/\/schema.org\",\"@graph\":[{\"@type\":\"Article\",\"@id\":\"https:\/\/zem.utcluj.ro\/2019\/persoane-de-contact-pentru-studentii-participanti-la-zem-2019\/#article\",\"isPartOf\":{\"@id\":\"https:\/\/zem.utcluj.ro\/2019\/persoane-de-contact-pentru-studentii-participanti-la-zem-2019\/\"},\"author\":{\"name\":\"Sorin\",\"@id\":\"https:\/\/zem.utcluj.ro\/2019\/#\/schema\/person\/11794f905f9bed42e005a30b5458b254\"},\"headline\":\"Persoane de contact pentru studen\u021bii participan\u021bi la ZEM 2019\",\"datePublished\":\"2019-05-20T15:38:26+00:00\",\"dateModified\":\"2019-05-20T15:38:57+00:00\",\"mainEntityOfPage\":{\"@id\":\"https:\/\/zem.utcluj.ro\/2019\/persoane-de-contact-pentru-studentii-participanti-la-zem-2019\/\"},\"wordCount\":77,\"commentCount\":0,\"publisher\":{\"@id\":\"https:\/\/zem.utcluj.ro\/2019\/#organization\"},\"keywords\":[\"contact\",\"mecatronica\",\"persoane de contact\",\"studen\u021b\u00ee\"],\"articleSection\":[\"Anun\u021b\",\"Nout\u0103\u021bi\"],\"inLanguage\":\"en-US\",\"potentialAction\":[{\"@type\":\"CommentAction\",\"name\":\"Comment\",\"target\":[\"https:\/\/zem.utcluj.ro\/2019\/persoane-de-contact-pentru-studentii-participanti-la-zem-2019\/#respond\"]}]},{\"@type\":\"WebPage\",\"@id\":\"https:\/\/zem.utcluj.ro\/2019\/persoane-de-contact-pentru-studentii-participanti-la-zem-2019\/\",\"url\":\"https:\/\/zem.utcluj.ro\/2019\/persoane-de-contact-pentru-studentii-participanti-la-zem-2019\/\",\"name\":\"Persoane de contact pentru studen\u021bii participan\u021bi la ZEM 2019 - ZEM 2019 - Zilele Educatiei Mecatronice 2019\",\"isPartOf\":{\"@id\":\"https:\/\/zem.utcluj.ro\/2019\/#website\"},\"datePublished\":\"2019-05-20T15:38:26+00:00\",\"dateModified\":\"2019-05-20T15:38:57+00:00\",\"breadcrumb\":{\"@id\":\"https:\/\/zem.utcluj.ro\/2019\/persoane-de-contact-pentru-studentii-participanti-la-zem-2019\/#breadcrumb\"},\"inLanguage\":\"en-US\",\"potentialAction\":[{\"@type\":\"ReadAction\",\"target\":[\"https:\/\/zem.utcluj.ro\/2019\/persoane-de-contact-pentru-studentii-participanti-la-zem-2019\/\"]}]},{\"@type\":\"BreadcrumbList\",\"@id\":\"https:\/\/zem.utcluj.ro\/2019\/persoane-de-contact-pentru-studentii-participanti-la-zem-2019\/#breadcrumb\",\"itemListElement\":[{\"@type\":\"ListItem\",\"position\":1,\"name\":\"Home\",\"item\":\"https:\/\/zem.utcluj.ro\/2019\/\"},{\"@type\":\"ListItem\",\"position\":2,\"name\":\"Persoane de contact pentru studen\u021bii participan\u021bi la ZEM 2019\"}]},{\"@type\":\"WebSite\",\"@id\":\"https:\/\/zem.utcluj.ro\/2019\/#website\",\"url\":\"https:\/\/zem.utcluj.ro\/2019\/\",\"name\":\"ZEM 2019 - Zilele Educatiei Mecatronice 2019\",\"description\":\"Concursul National de Mecatronica - Editia a X-a\",\"publisher\":{\"@id\":\"https:\/\/zem.utcluj.ro\/2019\/#organization\"},\"potentialAction\":[{\"@type\":\"SearchAction\",\"target\":{\"@type\":\"EntryPoint\",\"urlTemplate\":\"https:\/\/zem.utcluj.ro\/2019\/?s={search_term_string}\"},\"query-input\":{\"@type\":\"PropertyValueSpecification\",\"valueRequired\":true,\"valueName\":\"search_term_string\"}}],\"inLanguage\":\"en-US\"},{\"@type\":\"Organization\",\"@id\":\"https:\/\/zem.utcluj.ro\/2019\/#organization\",\"name\":\"Technical University of Cluj-Napoca\",\"url\":\"https:\/\/zem.utcluj.ro\/2019\/\",\"logo\":{\"@type\":\"ImageObject\",\"inLanguage\":\"en-US\",\"@id\":\"https:\/\/zem.utcluj.ro\/2019\/#\/schema\/logo\/image\/\",\"url\":\"https:\/\/zem.utcluj.ro\/2019\/wp-content\/uploads\/2019\/04\/logo-zem.png\",\"contentUrl\":\"https:\/\/zem.utcluj.ro\/2019\/wp-content\/uploads\/2019\/04\/logo-zem.png\",\"width\":440,\"height\":185,\"caption\":\"Technical University of Cluj-Napoca\"},\"image\":{\"@id\":\"https:\/\/zem.utcluj.ro\/2019\/#\/schema\/logo\/image\/\"}},{\"@type\":\"Person\",\"@id\":\"https:\/\/zem.utcluj.ro\/2019\/#\/schema\/person\/11794f905f9bed42e005a30b5458b254\",\"name\":\"Sorin\",\"image\":{\"@type\":\"ImageObject\",\"inLanguage\":\"en-US\",\"@id\":\"https:\/\/zem.utcluj.ro\/2019\/#\/schema\/person\/image\/\",\"url\":\"https:\/\/secure.gravatar.com\/avatar\/938040bf58402b8db6fc9673995a8a39?s=96&d=mm&r=g\",\"contentUrl\":\"https:\/\/secure.gravatar.com\/avatar\/938040bf58402b8db6fc9673995a8a39?s=96&d=mm&r=g\",\"caption\":\"Sorin\"},\"url\":\"https:\/\/zem.utcluj.ro\/2019\/author\/sorin\/\"}]}<\/script>\n<!-- \/ Yoast SEO plugin. -->","yoast_head_json":{"title":"Persoane de contact pentru studen\u021bii participan\u021bi la ZEM 2019 - ZEM 2019 - Zilele Educatiei Mecatronice 2019","robots":{"index":"index","follow":"follow","max-snippet":"max-snippet:-1","max-image-preview":"max-image-preview:large","max-video-preview":"max-video-preview:-1"},"canonical":"https:\/\/zem.utcluj.ro\/2019\/persoane-de-contact-pentru-studentii-participanti-la-zem-2019\/","og_locale":"en_US","og_type":"article","og_title":"Persoane de contact pentru studen\u021bii participan\u021bi la ZEM 2019 - ZEM 2019 - Zilele Educatiei Mecatronice 2019","og_description":"Pentru a ajuta studen\u021bii participan\u021bi \u00een vederea \u00eendrum\u0103rii, orient\u0103rii \u0219i acomod\u0103rii, venim \u00een sprijinul acestora prin intermediul unor studen\u021bi din anul III \u0219i IV de la specializarea de Mecatronic\u0103 a Universit\u0103\u021bii Tehnice din Cluj-Napoca, ce au datele de contact disponibile aici. Pentru orice \u00eentreb\u0103ri, sugestii sau recomand\u0103ri pute\u021bi accesa \u0219i sec\u021biunea Contact\u00a0trimi\u021b\u0103ndu-ne un mesaj\u2026","og_url":"https:\/\/zem.utcluj.ro\/2019\/persoane-de-contact-pentru-studentii-participanti-la-zem-2019\/","og_site_name":"ZEM 2019 - Zilele Educatiei Mecatronice 2019","article_published_time":"2019-05-20T15:38:26+00:00","article_modified_time":"2019-05-20T15:38:57+00:00","author":"Sorin","twitter_card":"summary_large_image","twitter_misc":{"Written by":"Sorin"},"schema":{"@context":"https:\/\/schema.org","@graph":[{"@type":"Article","@id":"https:\/\/zem.utcluj.ro\/2019\/persoane-de-contact-pentru-studentii-participanti-la-zem-2019\/#article","isPartOf":{"@id":"https:\/\/zem.utcluj.ro\/2019\/persoane-de-contact-pentru-studentii-participanti-la-zem-2019\/"},"author":{"name":"Sorin","@id":"https:\/\/zem.utcluj.ro\/2019\/#\/schema\/person\/11794f905f9bed42e005a30b5458b254"},"headline":"Persoane de contact pentru studen\u021bii participan\u021bi la ZEM 2019","datePublished":"2019-05-20T15:38:26+00:00","dateModified":"2019-05-20T15:38:57+00:00","mainEntityOfPage":{"@id":"https:\/\/zem.utcluj.ro\/2019\/persoane-de-contact-pentru-studentii-participanti-la-zem-2019\/"},"wordCount":77,"commentCount":0,"publisher":{"@id":"https:\/\/zem.utcluj.ro\/2019\/#organization"},"keywords":["contact","mecatronica","persoane de contact","studen\u021b\u00ee"],"articleSection":["Anun\u021b","Nout\u0103\u021bi"],"inLanguage":"en-US","potentialAction":[{"@type":"CommentAction","name":"Comment","target":["https:\/\/zem.utcluj.ro\/2019\/persoane-de-contact-pentru-studentii-participanti-la-zem-2019\/#respond"]}]},{"@type":"WebPage","@id":"https:\/\/zem.utcluj.ro\/2019\/persoane-de-contact-pentru-studentii-participanti-la-zem-2019\/","url":"https:\/\/zem.utcluj.ro\/2019\/persoane-de-contact-pentru-studentii-participanti-la-zem-2019\/","name":"Persoane de contact pentru studen\u021bii participan\u021bi la ZEM 2019 - ZEM 2019 - Zilele Educatiei Mecatronice 2019","isPartOf":{"@id":"https:\/\/zem.utcluj.ro\/2019\/#website"},"datePublished":"2019-05-20T15:38:26+00:00","dateModified":"2019-05-20T15:38:57+00:00","breadcrumb":{"@id":"https:\/\/zem.utcluj.ro\/2019\/persoane-de-contact-pentru-studentii-participanti-la-zem-2019\/#breadcrumb"},"inLanguage":"en-US","potentialAction":[{"@type":"ReadAction","target":["https:\/\/zem.utcluj.ro\/2019\/persoane-de-contact-pentru-studentii-participanti-la-zem-2019\/"]}]},{"@type":"BreadcrumbList","@id":"https:\/\/zem.utcluj.ro\/2019\/persoane-de-contact-pentru-studentii-participanti-la-zem-2019\/#breadcrumb","itemListElement":[{"@type":"ListItem","position":1,"name":"Home","item":"https:\/\/zem.utcluj.ro\/2019\/"},{"@type":"ListItem","position":2,"name":"Persoane de contact pentru studen\u021bii participan\u021bi la ZEM 2019"}]},{"@type":"WebSite","@id":"https:\/\/zem.utcluj.ro\/2019\/#website","url":"https:\/\/zem.utcluj.ro\/2019\/","name":"ZEM 2019 - Zilele Educatiei Mecatronice 2019","description":"Concursul National de Mecatronica - Editia a X-a","publisher":{"@id":"https:\/\/zem.utcluj.ro\/2019\/#organization"},"potentialAction":[{"@type":"SearchAction","target":{"@type":"EntryPoint","urlTemplate":"https:\/\/zem.utcluj.ro\/2019\/?s={search_term_string}"},"query-input":{"@type":"PropertyValueSpecification","valueRequired":true,"valueName":"search_term_string"}}],"inLanguage":"en-US"},{"@type":"Organization","@id":"https:\/\/zem.utcluj.ro\/2019\/#organization","name":"Technical University of Cluj-Napoca","url":"https:\/\/zem.utcluj.ro\/2019\/","logo":{"@type":"ImageObject","inLanguage":"en-US","@id":"https:\/\/zem.utcluj.ro\/2019\/#\/schema\/logo\/image\/","url":"https:\/\/zem.utcluj.ro\/2019\/wp-content\/uploads\/2019\/04\/logo-zem.png","contentUrl":"https:\/\/zem.utcluj.ro\/2019\/wp-content\/uploads\/2019\/04\/logo-zem.png","width":440,"height":185,"caption":"Technical University of Cluj-Napoca"},"image":{"@id":"https:\/\/zem.utcluj.ro\/2019\/#\/schema\/logo\/image\/"}},{"@type":"Person","@id":"https:\/\/zem.utcluj.ro\/2019\/#\/schema\/person\/11794f905f9bed42e005a30b5458b254","name":"Sorin","image":{"@type":"ImageObject","inLanguage":"en-US","@id":"https:\/\/zem.utcluj.ro\/2019\/#\/schema\/person\/image\/","url":"https:\/\/secure.gravatar.com\/avatar\/938040bf58402b8db6fc9673995a8a39?s=96&d=mm&r=g","contentUrl":"https:\/\/secure.gravatar.com\/avatar\/938040bf58402b8db6fc9673995a8a39?s=96&d=mm&r=g","caption":"Sorin"},"url":"https:\/\/zem.utcluj.ro\/2019\/author\/sorin\/"}]}},"_links":{"self":[{"href":"https:\/\/zem.utcluj.ro\/2019\/wp-json\/wp\/v2\/posts\/649","targetHints":{"allow":["GET"]}}],"collection":[{"href":"https:\/\/zem.utcluj.ro\/2019\/wp-json\/wp\/v2\/posts"}],"about":[{"href":"https:\/\/zem.utcluj.ro\/2019\/wp-json\/wp\/v2\/types\/post"}],"author":[{"embeddable":true,"href":"https:\/\/zem.utcluj.ro\/2019\/wp-json\/wp\/v2\/users\/1"}],"replies":[{"embeddable":true,"href":"https:\/\/zem.utcluj.ro\/2019\/wp-json\/wp\/v2\/comments?post=649"}],"version-history":[{"count":1,"href":"https:\/\/zem.utcluj.ro\/2019\/wp-json\/wp\/v2\/posts\/649\/revisions"}],"predecessor-version":[{"id":650,"href":"https:\/\/zem.utcluj.ro\/2019\/wp-json\/wp\/v2\/posts\/649\/revisions\/650"}],"wp:attachment":[{"href":"https:\/\/zem.utcluj.ro\/2019\/wp-json\/wp\/v2\/media?parent=649"}],"wp:term":[{"taxonomy":"category","embeddable":true,"href":"https:\/\/zem.utcluj.ro\/2019\/wp-json\/wp\/v2\/categories?post=649"},{"taxonomy":"post_tag","embeddable":true,"href":"https:\/\/zem.utcluj.ro\/2019\/wp-json\/wp\/v2\/tags?post=649"}],"curies":[{"name":"wp","href":"https:\/\/api.w.org\/{rel}","templated":true}]}}