{"id":636,"date":"2019-05-19T10:25:06","date_gmt":"2019-05-19T08:25:06","guid":{"rendered":"https:\/\/zem.utcluj.ro\/2019\/?p=636"},"modified":"2019-05-19T10:31:28","modified_gmt":"2019-05-19T08:31:28","slug":"update-anexa-3-cerinte-si-penalizari","status":"publish","type":"post","link":"https:\/\/zem.utcluj.ro\/2019\/update-anexa-3-cerinte-si-penalizari\/","title":{"rendered":"Update Anexa 3 &#8211; Cerin\u021be \u0219i Penaliz\u0103ri"},"content":{"rendered":"\n<p>S-a actualizat <strong>Anexa 3 &#8211; Cerin\u021be \u0219i Penaliz\u0103ri<\/strong> din cadrul Regulamentului ZEM 2019 pentru <strong><a href=\"\/sectiuni-concurs\/sisteme-mecatronice-industriale\/\">sec\u021biunea de concurs Sisteme Mecatronice Industriale<\/a><\/strong>, aceasta fiind completat\u0103 cu ultimele modific\u0103ri. O pute\u021bi consulta <strong><a href=\"\/wp-content\/uploads\/2019\/05\/Anexa-3-Cerinte-si-penalizari.pdf\">aici<\/a><\/strong>. <\/p>\n\n\n\n<p>Pentru orice \u00eentreb\u0103ri, sugestii sau recomand\u0103ri v\u0103 rug\u0103m s\u0103 accesa\u021bi&nbsp;<strong><a href=\"\/contact\/\">sec\u021biunea Contact<\/a><\/strong>&nbsp;\u0219i s\u0103 ne trimite\u021bi un mesaj\u2026 <\/p>\n","protected":false},"excerpt":{"rendered":"<p>S-a actualizat Anexa 3 &#8211; Cerin\u021be \u0219i Penaliz\u0103ri din cadrul Regulamentului ZEM 2019 pentru sec\u021biunea de concurs Sisteme Mecatronice Industriale, aceasta fiind completat\u0103 cu ultimele modific\u0103ri. O pute\u021bi consulta aici. Pentru orice \u00eentreb\u0103ri, sugestii sau recomand\u0103ri v\u0103 rug\u0103m s\u0103 accesa\u021bi&nbsp;sec\u021biunea Contact&nbsp;\u0219i s\u0103 ne trimite\u021bi un mesaj\u2026<\/p>\n","protected":false},"author":1,"featured_media":0,"comment_status":"open","ping_status":"open","sticky":false,"template":"","format":"standard","meta":{"footnotes":""},"categories":[9],"tags":[24,22,23,13,10],"class_list":["post-636","post","type-post","status-publish","format-standard","hentry","category-anunt","tag-anexa","tag-cerinte","tag-penalizari","tag-sisteme-mecatronice-industriale","tag-update"],"yoast_head":"<!-- This site is optimized with the Yoast SEO plugin v23.9 - https:\/\/yoast.com\/wordpress\/plugins\/seo\/ -->\n<title>Update Anexa 3 - Cerin\u021be \u0219i Penaliz\u0103ri - ZEM 2019 - Zilele Educatiei Mecatronice 2019<\/title>\n<meta name=\"robots\" content=\"index, follow, max-snippet:-1, max-image-preview:large, max-video-preview:-1\" \/>\n<link rel=\"canonical\" href=\"https:\/\/zem.utcluj.ro\/2019\/update-anexa-3-cerinte-si-penalizari\/\" \/>\n<meta property=\"og:locale\" content=\"en_US\" \/>\n<meta property=\"og:type\" content=\"article\" \/>\n<meta property=\"og:title\" content=\"Update Anexa 3 - Cerin\u021be \u0219i Penaliz\u0103ri - ZEM 2019 - Zilele Educatiei Mecatronice 2019\" \/>\n<meta property=\"og:description\" content=\"S-a actualizat Anexa 3 &#8211; Cerin\u021be \u0219i Penaliz\u0103ri din cadrul Regulamentului ZEM 2019 pentru sec\u021biunea de concurs Sisteme Mecatronice Industriale, aceasta fiind completat\u0103 cu ultimele modific\u0103ri. O pute\u021bi consulta aici. Pentru orice \u00eentreb\u0103ri, sugestii sau recomand\u0103ri v\u0103 rug\u0103m s\u0103 accesa\u021bi&nbsp;sec\u021biunea Contact&nbsp;\u0219i s\u0103 ne trimite\u021bi un mesaj\u2026\" \/>\n<meta property=\"og:url\" content=\"https:\/\/zem.utcluj.ro\/2019\/update-anexa-3-cerinte-si-penalizari\/\" \/>\n<meta property=\"og:site_name\" content=\"ZEM 2019 - Zilele Educatiei Mecatronice 2019\" \/>\n<meta property=\"article:published_time\" content=\"2019-05-19T08:25:06+00:00\" \/>\n<meta property=\"article:modified_time\" content=\"2019-05-19T08:31:28+00:00\" \/>\n<meta name=\"author\" content=\"Sorin\" \/>\n<meta name=\"twitter:card\" content=\"summary_large_image\" \/>\n<meta name=\"twitter:label1\" content=\"Written by\" \/>\n\t<meta name=\"twitter:data1\" content=\"Sorin\" \/>\n<script type=\"application\/ld+json\" class=\"yoast-schema-graph\">{\"@context\":\"https:\/\/schema.org\",\"@graph\":[{\"@type\":\"Article\",\"@id\":\"https:\/\/zem.utcluj.ro\/2019\/update-anexa-3-cerinte-si-penalizari\/#article\",\"isPartOf\":{\"@id\":\"https:\/\/zem.utcluj.ro\/2019\/update-anexa-3-cerinte-si-penalizari\/\"},\"author\":{\"name\":\"Sorin\",\"@id\":\"https:\/\/zem.utcluj.ro\/2019\/#\/schema\/person\/11794f905f9bed42e005a30b5458b254\"},\"headline\":\"Update Anexa 3 &#8211; Cerin\u021be \u0219i Penaliz\u0103ri\",\"datePublished\":\"2019-05-19T08:25:06+00:00\",\"dateModified\":\"2019-05-19T08:31:28+00:00\",\"mainEntityOfPage\":{\"@id\":\"https:\/\/zem.utcluj.ro\/2019\/update-anexa-3-cerinte-si-penalizari\/\"},\"wordCount\":67,\"commentCount\":0,\"publisher\":{\"@id\":\"https:\/\/zem.utcluj.ro\/2019\/#organization\"},\"keywords\":[\"anexa\",\"cerin\u021be\",\"penalizari\",\"sisteme mecatronice industriale\",\"update\"],\"articleSection\":[\"Anun\u021b\"],\"inLanguage\":\"en-US\",\"potentialAction\":[{\"@type\":\"CommentAction\",\"name\":\"Comment\",\"target\":[\"https:\/\/zem.utcluj.ro\/2019\/update-anexa-3-cerinte-si-penalizari\/#respond\"]}]},{\"@type\":\"WebPage\",\"@id\":\"https:\/\/zem.utcluj.ro\/2019\/update-anexa-3-cerinte-si-penalizari\/\",\"url\":\"https:\/\/zem.utcluj.ro\/2019\/update-anexa-3-cerinte-si-penalizari\/\",\"name\":\"Update Anexa 3 - Cerin\u021be \u0219i Penaliz\u0103ri - ZEM 2019 - Zilele Educatiei Mecatronice 2019\",\"isPartOf\":{\"@id\":\"https:\/\/zem.utcluj.ro\/2019\/#website\"},\"datePublished\":\"2019-05-19T08:25:06+00:00\",\"dateModified\":\"2019-05-19T08:31:28+00:00\",\"breadcrumb\":{\"@id\":\"https:\/\/zem.utcluj.ro\/2019\/update-anexa-3-cerinte-si-penalizari\/#breadcrumb\"},\"inLanguage\":\"en-US\",\"potentialAction\":[{\"@type\":\"ReadAction\",\"target\":[\"https:\/\/zem.utcluj.ro\/2019\/update-anexa-3-cerinte-si-penalizari\/\"]}]},{\"@type\":\"BreadcrumbList\",\"@id\":\"https:\/\/zem.utcluj.ro\/2019\/update-anexa-3-cerinte-si-penalizari\/#breadcrumb\",\"itemListElement\":[{\"@type\":\"ListItem\",\"position\":1,\"name\":\"Home\",\"item\":\"https:\/\/zem.utcluj.ro\/2019\/\"},{\"@type\":\"ListItem\",\"position\":2,\"name\":\"Update Anexa 3 &#8211; Cerin\u021be \u0219i Penaliz\u0103ri\"}]},{\"@type\":\"WebSite\",\"@id\":\"https:\/\/zem.utcluj.ro\/2019\/#website\",\"url\":\"https:\/\/zem.utcluj.ro\/2019\/\",\"name\":\"ZEM 2019 - Zilele Educatiei Mecatronice 2019\",\"description\":\"Concursul National de Mecatronica - Editia a X-a\",\"publisher\":{\"@id\":\"https:\/\/zem.utcluj.ro\/2019\/#organization\"},\"potentialAction\":[{\"@type\":\"SearchAction\",\"target\":{\"@type\":\"EntryPoint\",\"urlTemplate\":\"https:\/\/zem.utcluj.ro\/2019\/?s={search_term_string}\"},\"query-input\":{\"@type\":\"PropertyValueSpecification\",\"valueRequired\":true,\"valueName\":\"search_term_string\"}}],\"inLanguage\":\"en-US\"},{\"@type\":\"Organization\",\"@id\":\"https:\/\/zem.utcluj.ro\/2019\/#organization\",\"name\":\"Technical University of Cluj-Napoca\",\"url\":\"https:\/\/zem.utcluj.ro\/2019\/\",\"logo\":{\"@type\":\"ImageObject\",\"inLanguage\":\"en-US\",\"@id\":\"https:\/\/zem.utcluj.ro\/2019\/#\/schema\/logo\/image\/\",\"url\":\"https:\/\/zem.utcluj.ro\/2019\/wp-content\/uploads\/2019\/04\/logo-zem.png\",\"contentUrl\":\"https:\/\/zem.utcluj.ro\/2019\/wp-content\/uploads\/2019\/04\/logo-zem.png\",\"width\":440,\"height\":185,\"caption\":\"Technical University of Cluj-Napoca\"},\"image\":{\"@id\":\"https:\/\/zem.utcluj.ro\/2019\/#\/schema\/logo\/image\/\"}},{\"@type\":\"Person\",\"@id\":\"https:\/\/zem.utcluj.ro\/2019\/#\/schema\/person\/11794f905f9bed42e005a30b5458b254\",\"name\":\"Sorin\",\"image\":{\"@type\":\"ImageObject\",\"inLanguage\":\"en-US\",\"@id\":\"https:\/\/zem.utcluj.ro\/2019\/#\/schema\/person\/image\/\",\"url\":\"https:\/\/secure.gravatar.com\/avatar\/938040bf58402b8db6fc9673995a8a39?s=96&d=mm&r=g\",\"contentUrl\":\"https:\/\/secure.gravatar.com\/avatar\/938040bf58402b8db6fc9673995a8a39?s=96&d=mm&r=g\",\"caption\":\"Sorin\"},\"url\":\"https:\/\/zem.utcluj.ro\/2019\/author\/sorin\/\"}]}<\/script>\n<!-- \/ Yoast SEO plugin. -->","yoast_head_json":{"title":"Update Anexa 3 - Cerin\u021be \u0219i Penaliz\u0103ri - ZEM 2019 - Zilele Educatiei Mecatronice 2019","robots":{"index":"index","follow":"follow","max-snippet":"max-snippet:-1","max-image-preview":"max-image-preview:large","max-video-preview":"max-video-preview:-1"},"canonical":"https:\/\/zem.utcluj.ro\/2019\/update-anexa-3-cerinte-si-penalizari\/","og_locale":"en_US","og_type":"article","og_title":"Update Anexa 3 - Cerin\u021be \u0219i Penaliz\u0103ri - ZEM 2019 - Zilele Educatiei Mecatronice 2019","og_description":"S-a actualizat Anexa 3 &#8211; Cerin\u021be \u0219i Penaliz\u0103ri din cadrul Regulamentului ZEM 2019 pentru sec\u021biunea de concurs Sisteme Mecatronice Industriale, aceasta fiind completat\u0103 cu ultimele modific\u0103ri. O pute\u021bi consulta aici. Pentru orice \u00eentreb\u0103ri, sugestii sau recomand\u0103ri v\u0103 rug\u0103m s\u0103 accesa\u021bi&nbsp;sec\u021biunea Contact&nbsp;\u0219i s\u0103 ne trimite\u021bi un mesaj\u2026","og_url":"https:\/\/zem.utcluj.ro\/2019\/update-anexa-3-cerinte-si-penalizari\/","og_site_name":"ZEM 2019 - Zilele Educatiei Mecatronice 2019","article_published_time":"2019-05-19T08:25:06+00:00","article_modified_time":"2019-05-19T08:31:28+00:00","author":"Sorin","twitter_card":"summary_large_image","twitter_misc":{"Written by":"Sorin"},"schema":{"@context":"https:\/\/schema.org","@graph":[{"@type":"Article","@id":"https:\/\/zem.utcluj.ro\/2019\/update-anexa-3-cerinte-si-penalizari\/#article","isPartOf":{"@id":"https:\/\/zem.utcluj.ro\/2019\/update-anexa-3-cerinte-si-penalizari\/"},"author":{"name":"Sorin","@id":"https:\/\/zem.utcluj.ro\/2019\/#\/schema\/person\/11794f905f9bed42e005a30b5458b254"},"headline":"Update Anexa 3 &#8211; Cerin\u021be \u0219i Penaliz\u0103ri","datePublished":"2019-05-19T08:25:06+00:00","dateModified":"2019-05-19T08:31:28+00:00","mainEntityOfPage":{"@id":"https:\/\/zem.utcluj.ro\/2019\/update-anexa-3-cerinte-si-penalizari\/"},"wordCount":67,"commentCount":0,"publisher":{"@id":"https:\/\/zem.utcluj.ro\/2019\/#organization"},"keywords":["anexa","cerin\u021be","penalizari","sisteme mecatronice industriale","update"],"articleSection":["Anun\u021b"],"inLanguage":"en-US","potentialAction":[{"@type":"CommentAction","name":"Comment","target":["https:\/\/zem.utcluj.ro\/2019\/update-anexa-3-cerinte-si-penalizari\/#respond"]}]},{"@type":"WebPage","@id":"https:\/\/zem.utcluj.ro\/2019\/update-anexa-3-cerinte-si-penalizari\/","url":"https:\/\/zem.utcluj.ro\/2019\/update-anexa-3-cerinte-si-penalizari\/","name":"Update Anexa 3 - Cerin\u021be \u0219i Penaliz\u0103ri - ZEM 2019 - Zilele Educatiei Mecatronice 2019","isPartOf":{"@id":"https:\/\/zem.utcluj.ro\/2019\/#website"},"datePublished":"2019-05-19T08:25:06+00:00","dateModified":"2019-05-19T08:31:28+00:00","breadcrumb":{"@id":"https:\/\/zem.utcluj.ro\/2019\/update-anexa-3-cerinte-si-penalizari\/#breadcrumb"},"inLanguage":"en-US","potentialAction":[{"@type":"ReadAction","target":["https:\/\/zem.utcluj.ro\/2019\/update-anexa-3-cerinte-si-penalizari\/"]}]},{"@type":"BreadcrumbList","@id":"https:\/\/zem.utcluj.ro\/2019\/update-anexa-3-cerinte-si-penalizari\/#breadcrumb","itemListElement":[{"@type":"ListItem","position":1,"name":"Home","item":"https:\/\/zem.utcluj.ro\/2019\/"},{"@type":"ListItem","position":2,"name":"Update Anexa 3 &#8211; Cerin\u021be \u0219i Penaliz\u0103ri"}]},{"@type":"WebSite","@id":"https:\/\/zem.utcluj.ro\/2019\/#website","url":"https:\/\/zem.utcluj.ro\/2019\/","name":"ZEM 2019 - Zilele Educatiei Mecatronice 2019","description":"Concursul National de Mecatronica - Editia a X-a","publisher":{"@id":"https:\/\/zem.utcluj.ro\/2019\/#organization"},"potentialAction":[{"@type":"SearchAction","target":{"@type":"EntryPoint","urlTemplate":"https:\/\/zem.utcluj.ro\/2019\/?s={search_term_string}"},"query-input":{"@type":"PropertyValueSpecification","valueRequired":true,"valueName":"search_term_string"}}],"inLanguage":"en-US"},{"@type":"Organization","@id":"https:\/\/zem.utcluj.ro\/2019\/#organization","name":"Technical University of Cluj-Napoca","url":"https:\/\/zem.utcluj.ro\/2019\/","logo":{"@type":"ImageObject","inLanguage":"en-US","@id":"https:\/\/zem.utcluj.ro\/2019\/#\/schema\/logo\/image\/","url":"https:\/\/zem.utcluj.ro\/2019\/wp-content\/uploads\/2019\/04\/logo-zem.png","contentUrl":"https:\/\/zem.utcluj.ro\/2019\/wp-content\/uploads\/2019\/04\/logo-zem.png","width":440,"height":185,"caption":"Technical University of Cluj-Napoca"},"image":{"@id":"https:\/\/zem.utcluj.ro\/2019\/#\/schema\/logo\/image\/"}},{"@type":"Person","@id":"https:\/\/zem.utcluj.ro\/2019\/#\/schema\/person\/11794f905f9bed42e005a30b5458b254","name":"Sorin","image":{"@type":"ImageObject","inLanguage":"en-US","@id":"https:\/\/zem.utcluj.ro\/2019\/#\/schema\/person\/image\/","url":"https:\/\/secure.gravatar.com\/avatar\/938040bf58402b8db6fc9673995a8a39?s=96&d=mm&r=g","contentUrl":"https:\/\/secure.gravatar.com\/avatar\/938040bf58402b8db6fc9673995a8a39?s=96&d=mm&r=g","caption":"Sorin"},"url":"https:\/\/zem.utcluj.ro\/2019\/author\/sorin\/"}]}},"_links":{"self":[{"href":"https:\/\/zem.utcluj.ro\/2019\/wp-json\/wp\/v2\/posts\/636","targetHints":{"allow":["GET"]}}],"collection":[{"href":"https:\/\/zem.utcluj.ro\/2019\/wp-json\/wp\/v2\/posts"}],"about":[{"href":"https:\/\/zem.utcluj.ro\/2019\/wp-json\/wp\/v2\/types\/post"}],"author":[{"embeddable":true,"href":"https:\/\/zem.utcluj.ro\/2019\/wp-json\/wp\/v2\/users\/1"}],"replies":[{"embeddable":true,"href":"https:\/\/zem.utcluj.ro\/2019\/wp-json\/wp\/v2\/comments?post=636"}],"version-history":[{"count":2,"href":"https:\/\/zem.utcluj.ro\/2019\/wp-json\/wp\/v2\/posts\/636\/revisions"}],"predecessor-version":[{"id":638,"href":"https:\/\/zem.utcluj.ro\/2019\/wp-json\/wp\/v2\/posts\/636\/revisions\/638"}],"wp:attachment":[{"href":"https:\/\/zem.utcluj.ro\/2019\/wp-json\/wp\/v2\/media?parent=636"}],"wp:term":[{"taxonomy":"category","embeddable":true,"href":"https:\/\/zem.utcluj.ro\/2019\/wp-json\/wp\/v2\/categories?post=636"},{"taxonomy":"post_tag","embeddable":true,"href":"https:\/\/zem.utcluj.ro\/2019\/wp-json\/wp\/v2\/tags?post=636"}],"curies":[{"name":"wp","href":"https:\/\/api.w.org\/{rel}","templated":true}]}}