{"id":382,"date":"2019-04-14T15:47:42","date_gmt":"2019-04-14T13:47:42","guid":{"rendered":"https:\/\/zem.utcluj.ro\/2019\/?p=382"},"modified":"2019-04-18T13:05:19","modified_gmt":"2019-04-18T11:05:19","slug":"site-ul-oficial-al-evenimentului-zem-2019","status":"publish","type":"post","link":"https:\/\/zem.utcluj.ro\/2019\/site-ul-oficial-al-evenimentului-zem-2019\/","title":{"rendered":"Lansarea site-ului &#8220;Zilele Educa\u021biei Mecatronice&#8221;, Cluj-Napoca, 2019"},"content":{"rendered":"\n<h3 class=\"wp-block-heading\">Lansarea site-ului &#8220;Zilele Educa\u021biei Mecatronice&#8221;, Cluj-Napoca, 2019<\/h3>\n\n\n\n<p><strong>S-a lansat site-ul oficial<\/strong> al manifest\u0103rii \u0219tiin\u021bifice studen\u021be\u0219ti &#8220;Zilele Educa\u021biei Mecatronice&#8221;, edi\u021bia a X-a &#8211; 2019, organizat la Cluj-Napoca, \u00een perioada 21-24 Mai 2019, la Facultatea de Autovehicule Rutiere, Mecatronic\u0103 \u0219i Mecanic\u0103 a Universit\u0103\u021bii Tehnice din Cluj-Napoca, din B-dul Muncii, Nr. 103-105, Cluj-Napoca.<\/p>\n\n\n\n<p>Acest site \u00ee\u0219i propune informarea participan\u021bilor asupra sec\u021biunilor concursului na\u021bional \u00een domeniul mecatronicii, a regulamentelor de concurs, dar \u0219i asupra componentelor organizatorice. <\/p>\n\n\n\n<p>Sper\u0103m c\u0103 ve\u021bi g\u0103si util acest site \u0219i v\u0103 invit\u0103m s\u0103 ne ajuta\u021bi \u0219i dvs. la dezvoltarea acestuia, prin \u00eenregistrarea unui comentariu mai jos, sau trimiterea unui mesaj pe pagina de <a href=\"http:\/\/admitere.armm.utcluj.ro\/contact\/\"><strong>Contact<\/strong><\/a>.<\/p>\n","protected":false},"excerpt":{"rendered":"<p>Lansarea site-ului &#8220;Zilele Educa\u021biei Mecatronice&#8221;, Cluj-Napoca, 2019 S-a lansat site-ul oficial al manifest\u0103rii \u0219tiin\u021bifice studen\u021be\u0219ti &#8220;Zilele Educa\u021biei Mecatronice&#8221;, edi\u021bia a X-a &#8211; 2019, organizat la Cluj-Napoca, \u00een perioada 21-24 Mai 2019, la Facultatea de Autovehicule Rutiere, Mecatronic\u0103 \u0219i Mecanic\u0103 a Universit\u0103\u021bii Tehnice din Cluj-Napoca, din B-dul Muncii, Nr. 103-105, Cluj-Napoca. Acest site \u00ee\u0219i propune informarea&hellip; <br \/> <a class=\"read-more\" href=\"https:\/\/zem.utcluj.ro\/2019\/site-ul-oficial-al-evenimentului-zem-2019\/\">Read more<\/a><\/p>\n","protected":false},"author":1,"featured_media":0,"comment_status":"open","ping_status":"open","sticky":false,"template":"","format":"standard","meta":{"footnotes":""},"categories":[9,8,7],"tags":[6,5,4],"class_list":["post-382","post","type-post","status-publish","format-standard","hentry","category-anunt","category-eveniment","category-noutati","tag-eveniment","tag-lansare","tag-noutati"],"yoast_head":"<!-- This site is optimized with the Yoast SEO plugin v23.9 - https:\/\/yoast.com\/wordpress\/plugins\/seo\/ -->\n<title>Lansarea site-ului &quot;Zilele Educa\u021biei Mecatronice&quot;, Cluj-Napoca, 2019 - ZEM 2019 - Zilele Educatiei Mecatronice 2019<\/title>\n<meta name=\"robots\" content=\"index, follow, max-snippet:-1, max-image-preview:large, max-video-preview:-1\" \/>\n<link rel=\"canonical\" href=\"https:\/\/zem.utcluj.ro\/2019\/site-ul-oficial-al-evenimentului-zem-2019\/\" \/>\n<meta property=\"og:locale\" content=\"en_US\" \/>\n<meta property=\"og:type\" content=\"article\" \/>\n<meta property=\"og:title\" content=\"Lansarea site-ului &quot;Zilele Educa\u021biei Mecatronice&quot;, Cluj-Napoca, 2019 - ZEM 2019 - Zilele Educatiei Mecatronice 2019\" \/>\n<meta property=\"og:description\" content=\"Lansarea site-ului &#8220;Zilele Educa\u021biei Mecatronice&#8221;, Cluj-Napoca, 2019 S-a lansat site-ul oficial al manifest\u0103rii \u0219tiin\u021bifice studen\u021be\u0219ti &#8220;Zilele Educa\u021biei Mecatronice&#8221;, edi\u021bia a X-a &#8211; 2019, organizat la Cluj-Napoca, \u00een perioada 21-24 Mai 2019, la Facultatea de Autovehicule Rutiere, Mecatronic\u0103 \u0219i Mecanic\u0103 a Universit\u0103\u021bii Tehnice din Cluj-Napoca, din B-dul Muncii, Nr. 103-105, Cluj-Napoca. Acest site \u00ee\u0219i propune informarea&hellip; Read more\" \/>\n<meta property=\"og:url\" content=\"https:\/\/zem.utcluj.ro\/2019\/site-ul-oficial-al-evenimentului-zem-2019\/\" \/>\n<meta property=\"og:site_name\" content=\"ZEM 2019 - Zilele Educatiei Mecatronice 2019\" \/>\n<meta property=\"article:published_time\" content=\"2019-04-14T13:47:42+00:00\" \/>\n<meta property=\"article:modified_time\" content=\"2019-04-18T11:05:19+00:00\" \/>\n<meta name=\"author\" content=\"Sorin\" \/>\n<meta name=\"twitter:card\" content=\"summary_large_image\" \/>\n<meta name=\"twitter:label1\" content=\"Written by\" \/>\n\t<meta name=\"twitter:data1\" content=\"Sorin\" \/>\n\t<meta name=\"twitter:label2\" content=\"Est. reading time\" \/>\n\t<meta name=\"twitter:data2\" content=\"1 minute\" \/>\n<script type=\"application\/ld+json\" class=\"yoast-schema-graph\">{\"@context\":\"https:\/\/schema.org\",\"@graph\":[{\"@type\":\"Article\",\"@id\":\"https:\/\/zem.utcluj.ro\/2019\/site-ul-oficial-al-evenimentului-zem-2019\/#article\",\"isPartOf\":{\"@id\":\"https:\/\/zem.utcluj.ro\/2019\/site-ul-oficial-al-evenimentului-zem-2019\/\"},\"author\":{\"name\":\"Sorin\",\"@id\":\"https:\/\/zem.utcluj.ro\/2019\/#\/schema\/person\/11794f905f9bed42e005a30b5458b254\"},\"headline\":\"Lansarea site-ului &#8220;Zilele Educa\u021biei Mecatronice&#8221;, Cluj-Napoca, 2019\",\"datePublished\":\"2019-04-14T13:47:42+00:00\",\"dateModified\":\"2019-04-18T11:05:19+00:00\",\"mainEntityOfPage\":{\"@id\":\"https:\/\/zem.utcluj.ro\/2019\/site-ul-oficial-al-evenimentului-zem-2019\/\"},\"wordCount\":124,\"commentCount\":0,\"publisher\":{\"@id\":\"https:\/\/zem.utcluj.ro\/2019\/#organization\"},\"keywords\":[\"eveniment\",\"lansare\",\"noutati\"],\"articleSection\":[\"Anun\u021b\",\"Eveniment\",\"Nout\u0103\u021bi\"],\"inLanguage\":\"en-US\",\"potentialAction\":[{\"@type\":\"CommentAction\",\"name\":\"Comment\",\"target\":[\"https:\/\/zem.utcluj.ro\/2019\/site-ul-oficial-al-evenimentului-zem-2019\/#respond\"]}]},{\"@type\":\"WebPage\",\"@id\":\"https:\/\/zem.utcluj.ro\/2019\/site-ul-oficial-al-evenimentului-zem-2019\/\",\"url\":\"https:\/\/zem.utcluj.ro\/2019\/site-ul-oficial-al-evenimentului-zem-2019\/\",\"name\":\"Lansarea site-ului \\\"Zilele Educa\u021biei Mecatronice\\\", Cluj-Napoca, 2019 - ZEM 2019 - Zilele Educatiei Mecatronice 2019\",\"isPartOf\":{\"@id\":\"https:\/\/zem.utcluj.ro\/2019\/#website\"},\"datePublished\":\"2019-04-14T13:47:42+00:00\",\"dateModified\":\"2019-04-18T11:05:19+00:00\",\"breadcrumb\":{\"@id\":\"https:\/\/zem.utcluj.ro\/2019\/site-ul-oficial-al-evenimentului-zem-2019\/#breadcrumb\"},\"inLanguage\":\"en-US\",\"potentialAction\":[{\"@type\":\"ReadAction\",\"target\":[\"https:\/\/zem.utcluj.ro\/2019\/site-ul-oficial-al-evenimentului-zem-2019\/\"]}]},{\"@type\":\"BreadcrumbList\",\"@id\":\"https:\/\/zem.utcluj.ro\/2019\/site-ul-oficial-al-evenimentului-zem-2019\/#breadcrumb\",\"itemListElement\":[{\"@type\":\"ListItem\",\"position\":1,\"name\":\"Home\",\"item\":\"https:\/\/zem.utcluj.ro\/2019\/\"},{\"@type\":\"ListItem\",\"position\":2,\"name\":\"Lansarea site-ului &#8220;Zilele Educa\u021biei Mecatronice&#8221;, Cluj-Napoca, 2019\"}]},{\"@type\":\"WebSite\",\"@id\":\"https:\/\/zem.utcluj.ro\/2019\/#website\",\"url\":\"https:\/\/zem.utcluj.ro\/2019\/\",\"name\":\"ZEM 2019 - Zilele Educatiei Mecatronice 2019\",\"description\":\"Concursul National de Mecatronica - Editia a X-a\",\"publisher\":{\"@id\":\"https:\/\/zem.utcluj.ro\/2019\/#organization\"},\"potentialAction\":[{\"@type\":\"SearchAction\",\"target\":{\"@type\":\"EntryPoint\",\"urlTemplate\":\"https:\/\/zem.utcluj.ro\/2019\/?s={search_term_string}\"},\"query-input\":{\"@type\":\"PropertyValueSpecification\",\"valueRequired\":true,\"valueName\":\"search_term_string\"}}],\"inLanguage\":\"en-US\"},{\"@type\":\"Organization\",\"@id\":\"https:\/\/zem.utcluj.ro\/2019\/#organization\",\"name\":\"Technical University of Cluj-Napoca\",\"url\":\"https:\/\/zem.utcluj.ro\/2019\/\",\"logo\":{\"@type\":\"ImageObject\",\"inLanguage\":\"en-US\",\"@id\":\"https:\/\/zem.utcluj.ro\/2019\/#\/schema\/logo\/image\/\",\"url\":\"https:\/\/zem.utcluj.ro\/2019\/wp-content\/uploads\/2019\/04\/logo-zem.png\",\"contentUrl\":\"https:\/\/zem.utcluj.ro\/2019\/wp-content\/uploads\/2019\/04\/logo-zem.png\",\"width\":440,\"height\":185,\"caption\":\"Technical University of Cluj-Napoca\"},\"image\":{\"@id\":\"https:\/\/zem.utcluj.ro\/2019\/#\/schema\/logo\/image\/\"}},{\"@type\":\"Person\",\"@id\":\"https:\/\/zem.utcluj.ro\/2019\/#\/schema\/person\/11794f905f9bed42e005a30b5458b254\",\"name\":\"Sorin\",\"image\":{\"@type\":\"ImageObject\",\"inLanguage\":\"en-US\",\"@id\":\"https:\/\/zem.utcluj.ro\/2019\/#\/schema\/person\/image\/\",\"url\":\"https:\/\/secure.gravatar.com\/avatar\/938040bf58402b8db6fc9673995a8a39?s=96&d=mm&r=g\",\"contentUrl\":\"https:\/\/secure.gravatar.com\/avatar\/938040bf58402b8db6fc9673995a8a39?s=96&d=mm&r=g\",\"caption\":\"Sorin\"},\"url\":\"https:\/\/zem.utcluj.ro\/2019\/author\/sorin\/\"}]}<\/script>\n<!-- \/ Yoast SEO plugin. -->","yoast_head_json":{"title":"Lansarea site-ului \"Zilele Educa\u021biei Mecatronice\", Cluj-Napoca, 2019 - ZEM 2019 - Zilele Educatiei Mecatronice 2019","robots":{"index":"index","follow":"follow","max-snippet":"max-snippet:-1","max-image-preview":"max-image-preview:large","max-video-preview":"max-video-preview:-1"},"canonical":"https:\/\/zem.utcluj.ro\/2019\/site-ul-oficial-al-evenimentului-zem-2019\/","og_locale":"en_US","og_type":"article","og_title":"Lansarea site-ului \"Zilele Educa\u021biei Mecatronice\", Cluj-Napoca, 2019 - ZEM 2019 - Zilele Educatiei Mecatronice 2019","og_description":"Lansarea site-ului &#8220;Zilele Educa\u021biei Mecatronice&#8221;, Cluj-Napoca, 2019 S-a lansat site-ul oficial al manifest\u0103rii \u0219tiin\u021bifice studen\u021be\u0219ti &#8220;Zilele Educa\u021biei Mecatronice&#8221;, edi\u021bia a X-a &#8211; 2019, organizat la Cluj-Napoca, \u00een perioada 21-24 Mai 2019, la Facultatea de Autovehicule Rutiere, Mecatronic\u0103 \u0219i Mecanic\u0103 a Universit\u0103\u021bii Tehnice din Cluj-Napoca, din B-dul Muncii, Nr. 103-105, Cluj-Napoca. Acest site \u00ee\u0219i propune informarea&hellip; Read more","og_url":"https:\/\/zem.utcluj.ro\/2019\/site-ul-oficial-al-evenimentului-zem-2019\/","og_site_name":"ZEM 2019 - Zilele Educatiei Mecatronice 2019","article_published_time":"2019-04-14T13:47:42+00:00","article_modified_time":"2019-04-18T11:05:19+00:00","author":"Sorin","twitter_card":"summary_large_image","twitter_misc":{"Written by":"Sorin","Est. reading time":"1 minute"},"schema":{"@context":"https:\/\/schema.org","@graph":[{"@type":"Article","@id":"https:\/\/zem.utcluj.ro\/2019\/site-ul-oficial-al-evenimentului-zem-2019\/#article","isPartOf":{"@id":"https:\/\/zem.utcluj.ro\/2019\/site-ul-oficial-al-evenimentului-zem-2019\/"},"author":{"name":"Sorin","@id":"https:\/\/zem.utcluj.ro\/2019\/#\/schema\/person\/11794f905f9bed42e005a30b5458b254"},"headline":"Lansarea site-ului &#8220;Zilele Educa\u021biei Mecatronice&#8221;, Cluj-Napoca, 2019","datePublished":"2019-04-14T13:47:42+00:00","dateModified":"2019-04-18T11:05:19+00:00","mainEntityOfPage":{"@id":"https:\/\/zem.utcluj.ro\/2019\/site-ul-oficial-al-evenimentului-zem-2019\/"},"wordCount":124,"commentCount":0,"publisher":{"@id":"https:\/\/zem.utcluj.ro\/2019\/#organization"},"keywords":["eveniment","lansare","noutati"],"articleSection":["Anun\u021b","Eveniment","Nout\u0103\u021bi"],"inLanguage":"en-US","potentialAction":[{"@type":"CommentAction","name":"Comment","target":["https:\/\/zem.utcluj.ro\/2019\/site-ul-oficial-al-evenimentului-zem-2019\/#respond"]}]},{"@type":"WebPage","@id":"https:\/\/zem.utcluj.ro\/2019\/site-ul-oficial-al-evenimentului-zem-2019\/","url":"https:\/\/zem.utcluj.ro\/2019\/site-ul-oficial-al-evenimentului-zem-2019\/","name":"Lansarea site-ului \"Zilele Educa\u021biei Mecatronice\", Cluj-Napoca, 2019 - ZEM 2019 - Zilele Educatiei Mecatronice 2019","isPartOf":{"@id":"https:\/\/zem.utcluj.ro\/2019\/#website"},"datePublished":"2019-04-14T13:47:42+00:00","dateModified":"2019-04-18T11:05:19+00:00","breadcrumb":{"@id":"https:\/\/zem.utcluj.ro\/2019\/site-ul-oficial-al-evenimentului-zem-2019\/#breadcrumb"},"inLanguage":"en-US","potentialAction":[{"@type":"ReadAction","target":["https:\/\/zem.utcluj.ro\/2019\/site-ul-oficial-al-evenimentului-zem-2019\/"]}]},{"@type":"BreadcrumbList","@id":"https:\/\/zem.utcluj.ro\/2019\/site-ul-oficial-al-evenimentului-zem-2019\/#breadcrumb","itemListElement":[{"@type":"ListItem","position":1,"name":"Home","item":"https:\/\/zem.utcluj.ro\/2019\/"},{"@type":"ListItem","position":2,"name":"Lansarea site-ului &#8220;Zilele Educa\u021biei Mecatronice&#8221;, Cluj-Napoca, 2019"}]},{"@type":"WebSite","@id":"https:\/\/zem.utcluj.ro\/2019\/#website","url":"https:\/\/zem.utcluj.ro\/2019\/","name":"ZEM 2019 - Zilele Educatiei Mecatronice 2019","description":"Concursul National de Mecatronica - Editia a X-a","publisher":{"@id":"https:\/\/zem.utcluj.ro\/2019\/#organization"},"potentialAction":[{"@type":"SearchAction","target":{"@type":"EntryPoint","urlTemplate":"https:\/\/zem.utcluj.ro\/2019\/?s={search_term_string}"},"query-input":{"@type":"PropertyValueSpecification","valueRequired":true,"valueName":"search_term_string"}}],"inLanguage":"en-US"},{"@type":"Organization","@id":"https:\/\/zem.utcluj.ro\/2019\/#organization","name":"Technical University of Cluj-Napoca","url":"https:\/\/zem.utcluj.ro\/2019\/","logo":{"@type":"ImageObject","inLanguage":"en-US","@id":"https:\/\/zem.utcluj.ro\/2019\/#\/schema\/logo\/image\/","url":"https:\/\/zem.utcluj.ro\/2019\/wp-content\/uploads\/2019\/04\/logo-zem.png","contentUrl":"https:\/\/zem.utcluj.ro\/2019\/wp-content\/uploads\/2019\/04\/logo-zem.png","width":440,"height":185,"caption":"Technical University of Cluj-Napoca"},"image":{"@id":"https:\/\/zem.utcluj.ro\/2019\/#\/schema\/logo\/image\/"}},{"@type":"Person","@id":"https:\/\/zem.utcluj.ro\/2019\/#\/schema\/person\/11794f905f9bed42e005a30b5458b254","name":"Sorin","image":{"@type":"ImageObject","inLanguage":"en-US","@id":"https:\/\/zem.utcluj.ro\/2019\/#\/schema\/person\/image\/","url":"https:\/\/secure.gravatar.com\/avatar\/938040bf58402b8db6fc9673995a8a39?s=96&d=mm&r=g","contentUrl":"https:\/\/secure.gravatar.com\/avatar\/938040bf58402b8db6fc9673995a8a39?s=96&d=mm&r=g","caption":"Sorin"},"url":"https:\/\/zem.utcluj.ro\/2019\/author\/sorin\/"}]}},"_links":{"self":[{"href":"https:\/\/zem.utcluj.ro\/2019\/wp-json\/wp\/v2\/posts\/382","targetHints":{"allow":["GET"]}}],"collection":[{"href":"https:\/\/zem.utcluj.ro\/2019\/wp-json\/wp\/v2\/posts"}],"about":[{"href":"https:\/\/zem.utcluj.ro\/2019\/wp-json\/wp\/v2\/types\/post"}],"author":[{"embeddable":true,"href":"https:\/\/zem.utcluj.ro\/2019\/wp-json\/wp\/v2\/users\/1"}],"replies":[{"embeddable":true,"href":"https:\/\/zem.utcluj.ro\/2019\/wp-json\/wp\/v2\/comments?post=382"}],"version-history":[{"count":5,"href":"https:\/\/zem.utcluj.ro\/2019\/wp-json\/wp\/v2\/posts\/382\/revisions"}],"predecessor-version":[{"id":550,"href":"https:\/\/zem.utcluj.ro\/2019\/wp-json\/wp\/v2\/posts\/382\/revisions\/550"}],"wp:attachment":[{"href":"https:\/\/zem.utcluj.ro\/2019\/wp-json\/wp\/v2\/media?parent=382"}],"wp:term":[{"taxonomy":"category","embeddable":true,"href":"https:\/\/zem.utcluj.ro\/2019\/wp-json\/wp\/v2\/categories?post=382"},{"taxonomy":"post_tag","embeddable":true,"href":"https:\/\/zem.utcluj.ro\/2019\/wp-json\/wp\/v2\/tags?post=382"}],"curies":[{"name":"wp","href":"https:\/\/api.w.org\/{rel}","templated":true}]}}